{"id":398,"date":"2022-09-13T15:45:19","date_gmt":"2022-09-13T13:45:19","guid":{"rendered":"https:\/\/stage-luthier-vendee.fr\/?p=398"},"modified":"2022-10-06T11:09:12","modified_gmt":"2022-10-06T09:09:12","slug":"stage-musiciens-10-12-2022-la-roche-sur-yon","status":"publish","type":"post","link":"https:\/\/stage-luthier-vendee.fr\/?p=398","title":{"rendered":"Stage \u00ab\u00a0musiciens\u00a0\u00bb  &#8211; 10 \/ 12 \/ 2022 &#8211; La Roche sur Yon &#8211; COMPLET"},"content":{"rendered":"\n<figure class=\"wp-block-image\"><img loading=\"lazy\" decoding=\"async\" width=\"1024\" height=\"614\" src=\"https:\/\/stage-luthier-vendee.fr\/wp-content\/uploads\/2019\/08\/Stage-Musicien-1024x614.jpg\" alt=\"musiciens apprenant \u00e0 changer une corde\" class=\"wp-image-128\"\/><figcaption>Stage musiciens : changer une corde et l\u2019accorder<\/figcaption><\/figure>\n\n\n\n<p>Apprenez \u00e0 <strong>prendre soin <\/strong>de votre<strong> instrument<\/strong><\/p>\n\n\n\n<p>et <strong>gagnez en autonomie<\/strong> dans votre vie musicale !!<\/p>\n\n\n\n<p>Venez \u00e0 l&rsquo;atelier avec votre violon, alto ou violoncelle pour apprendre \u00e0 <strong>changer une corde<\/strong>, s&rsquo;<strong>accorder<\/strong> et entretenir votre instrument favori.<\/p>\n\n\n\n<p>le <strong>10 d\u00e9cembre 2022 \u2013 10h30 \u00e0 12h00<\/strong> \u2013 sur inscription (<a href=\"https:\/\/stage-luthier-vendee.fr\/?page_id=10\">contactez-moi<\/a>)<\/p>\n\n\n\n<p>Je vous accueille \u00e0 l\u2019atelier en petit groupe (maxi 8 personnes). Dur\u00e9e 1h30 \u2013 Tarif 15 \u20ac par stagiaire.<\/p>\n","protected":false},"excerpt":{"rendered":"<p>Apprenez \u00e0 prendre soin de votre instrument et gagnez en autonomie dans votre vie musicale !! Venez \u00e0 l&rsquo;atelier avec votre violon, alto ou violoncelle pour apprendre \u00e0 changer une corde, s&rsquo;accorder et entretenir votre instrument favori. le 10 d\u00e9cembre 2022 \u2013 10h30 \u00e0 12h00 \u2013 sur inscription (contactez-moi) Je vous accueille \u00e0 l\u2019atelier en &hellip; <\/p>\n<p class=\"link-more\"><a href=\"https:\/\/stage-luthier-vendee.fr\/?p=398\" class=\"more-link\">Continuer la lecture<span class=\"screen-reader-text\"> de &laquo;&nbsp;Stage \u00ab\u00a0musiciens\u00a0\u00bb  &#8211; 10 \/ 12 \/ 2022 &#8211; La Roche sur Yon &#8211; COMPLET&nbsp;&raquo;<\/span><\/a><\/p>\n","protected":false},"author":1,"featured_media":0,"comment_status":"closed","ping_status":"","sticky":false,"template":"","format":"standard","meta":{"footnotes":""},"categories":[1],"tags":[],"class_list":["post-398","post","type-post","status-publish","format-standard","hentry","category-non-classe"],"_links":{"self":[{"href":"https:\/\/stage-luthier-vendee.fr\/index.php?rest_route=\/wp\/v2\/posts\/398"}],"collection":[{"href":"https:\/\/stage-luthier-vendee.fr\/index.php?rest_route=\/wp\/v2\/posts"}],"about":[{"href":"https:\/\/stage-luthier-vendee.fr\/index.php?rest_route=\/wp\/v2\/types\/post"}],"author":[{"embeddable":true,"href":"https:\/\/stage-luthier-vendee.fr\/index.php?rest_route=\/wp\/v2\/users\/1"}],"replies":[{"embeddable":true,"href":"https:\/\/stage-luthier-vendee.fr\/index.php?rest_route=%2Fwp%2Fv2%2Fcomments&post=398"}],"version-history":[{"count":3,"href":"https:\/\/stage-luthier-vendee.fr\/index.php?rest_route=\/wp\/v2\/posts\/398\/revisions"}],"predecessor-version":[{"id":403,"href":"https:\/\/stage-luthier-vendee.fr\/index.php?rest_route=\/wp\/v2\/posts\/398\/revisions\/403"}],"wp:attachment":[{"href":"https:\/\/stage-luthier-vendee.fr\/index.php?rest_route=%2Fwp%2Fv2%2Fmedia&parent=398"}],"wp:term":[{"taxonomy":"category","embeddable":true,"href":"https:\/\/stage-luthier-vendee.fr\/index.php?rest_route=%2Fwp%2Fv2%2Fcategories&post=398"},{"taxonomy":"post_tag","embeddable":true,"href":"https:\/\/stage-luthier-vendee.fr\/index.php?rest_route=%2Fwp%2Fv2%2Ftags&post=398"}],"curies":[{"name":"wp","href":"https:\/\/api.w.org\/{rel}","templated":true}]}}