{"id":379,"date":"2022-06-16T12:35:16","date_gmt":"2022-06-16T10:35:16","guid":{"rendered":"https:\/\/stage-luthier-vendee.fr\/?p=379"},"modified":"2022-06-16T12:35:31","modified_gmt":"2022-06-16T10:35:31","slug":"fabrication-dun-arbre-a-musique-ete-2022","status":"publish","type":"post","link":"https:\/\/stage-luthier-vendee.fr\/?p=379","title":{"rendered":"Fabrication d&rsquo;un ARBRE \u00e0 MUSIQUE &#8211; \u00e9t\u00e9 2022"},"content":{"rendered":"\n<div class=\"wp-block-image\"><figure class=\"aligncenter size-large is-resized\"><img loading=\"lazy\" decoding=\"async\" src=\"https:\/\/stage-luthier-vendee.fr\/wp-content\/uploads\/2020\/02\/Arbre-a\u0300-musique-bois-2020-02.png\" alt=\"\" class=\"wp-image-257\" width=\"120\" height=\"172\" srcset=\"https:\/\/stage-luthier-vendee.fr\/wp-content\/uploads\/2020\/02\/Arbre-a\u0300-musique-bois-2020-02.png 481w, https:\/\/stage-luthier-vendee.fr\/wp-content\/uploads\/2020\/02\/Arbre-a\u0300-musique-bois-2020-02-210x300.png 210w\" sizes=\"(max-width: 120px) 100vw, 120px\" \/><figcaption>Arbre \u00e0 musique<\/figcaption><\/figure><\/div>\n\n\n\n<p><strong>Samedi 23 juillet <\/strong>et <strong>dimanche 7 ao\u00fbt<\/strong> <strong>2022<\/strong><br>de 10h \u00e0 18h (avec une pause d\u00e9jeuner)<\/p>\n\n\n\n<p>Lieu : <a href=\"https:\/\/mingaco.fr\/\">La Boutique M\u00e9tiers d\u2019Art<\/a> \u2013 Salle de la Com\u00e8te \u2013 Mouchamps (Vend\u00e9e).<\/p>\n\n\n\n<p><em>\u00c0 partir de 15 ans + adultes = journ\u00e9e compl\u00e8te = fabrication de A \u00e0 Z<br>Pour les plus jeunes (10 \u00e0 14 ans)= demi-journ\u00e9e (de 14h \u00e0 18h) = fabrication simplifi\u00e9e<\/em><\/p>\n\n\n\n<p>Fabrication d\u2019un <strong>arbre \u00e0 musique<\/strong> avec les outils traditionnels du luthier.<br>Aucun pr\u00e9-requis. Bienveillance et simplicit\u00e9 sont de mise pour ce stage de d\u00e9couverte du travail du bois en toute s\u00e9curit\u00e9. <\/p>\n\n\n\n<p><em>Toutes les infos\/r\u00e9servation sur la page <a href=\"https:\/\/stage-luthier-vendee.fr\/?page_id=99\">STAGE BOIS<\/a>.<\/em><\/p>\n","protected":false},"excerpt":{"rendered":"<p>Samedi 23 juillet et dimanche 7 ao\u00fbt 2022de 10h \u00e0 18h (avec une pause d\u00e9jeuner) Lieu : La Boutique M\u00e9tiers d\u2019Art \u2013 Salle de la Com\u00e8te \u2013 Mouchamps (Vend\u00e9e). \u00c0 partir de 15 ans + adultes = journ\u00e9e compl\u00e8te = fabrication de A \u00e0 ZPour les plus jeunes (10 \u00e0 14 ans)= demi-journ\u00e9e (de 14h &hellip; <\/p>\n<p class=\"link-more\"><a href=\"https:\/\/stage-luthier-vendee.fr\/?p=379\" class=\"more-link\">Continuer la lecture<span class=\"screen-reader-text\"> de &laquo;&nbsp;Fabrication d&rsquo;un ARBRE \u00e0 MUSIQUE &#8211; \u00e9t\u00e9 2022&nbsp;&raquo;<\/span><\/a><\/p>\n","protected":false},"author":1,"featured_media":0,"comment_status":"closed","ping_status":"","sticky":false,"template":"","format":"standard","meta":{"footnotes":""},"categories":[1],"tags":[],"class_list":["post-379","post","type-post","status-publish","format-standard","hentry","category-non-classe"],"_links":{"self":[{"href":"https:\/\/stage-luthier-vendee.fr\/index.php?rest_route=\/wp\/v2\/posts\/379"}],"collection":[{"href":"https:\/\/stage-luthier-vendee.fr\/index.php?rest_route=\/wp\/v2\/posts"}],"about":[{"href":"https:\/\/stage-luthier-vendee.fr\/index.php?rest_route=\/wp\/v2\/types\/post"}],"author":[{"embeddable":true,"href":"https:\/\/stage-luthier-vendee.fr\/index.php?rest_route=\/wp\/v2\/users\/1"}],"replies":[{"embeddable":true,"href":"https:\/\/stage-luthier-vendee.fr\/index.php?rest_route=%2Fwp%2Fv2%2Fcomments&post=379"}],"version-history":[{"count":2,"href":"https:\/\/stage-luthier-vendee.fr\/index.php?rest_route=\/wp\/v2\/posts\/379\/revisions"}],"predecessor-version":[{"id":381,"href":"https:\/\/stage-luthier-vendee.fr\/index.php?rest_route=\/wp\/v2\/posts\/379\/revisions\/381"}],"wp:attachment":[{"href":"https:\/\/stage-luthier-vendee.fr\/index.php?rest_route=%2Fwp%2Fv2%2Fmedia&parent=379"}],"wp:term":[{"taxonomy":"category","embeddable":true,"href":"https:\/\/stage-luthier-vendee.fr\/index.php?rest_route=%2Fwp%2Fv2%2Fcategories&post=379"},{"taxonomy":"post_tag","embeddable":true,"href":"https:\/\/stage-luthier-vendee.fr\/index.php?rest_route=%2Fwp%2Fv2%2Ftags&post=379"}],"curies":[{"name":"wp","href":"https:\/\/api.w.org\/{rel}","templated":true}]}}